{"id":239,"date":"2019-12-17T12:01:46","date_gmt":"2019-12-17T11:01:46","guid":{"rendered":"https:\/\/mobilita.trnava.sk\/?p=239"},"modified":"2019-12-17T12:02:14","modified_gmt":"2019-12-17T11:02:14","slug":"1-workshop","status":"publish","type":"post","link":"https:\/\/mobilita.trnava.sk\/index.php\/2019\/12\/17\/1-workshop\/","title":{"rendered":"1. workshop"},"content":{"rendered":"\n<p>Dne 25.9.2019 sa konal prv\u00fd workshop k PUM MFO Trnava. Z\u00e1stupcom TT a okolie bola predstaven\u00e1 prezent\u00e1cia &#8211; \u010do je PUM, ak\u00e9 m\u00e1 f\u00e1zy a pre\u010do sa rob\u00ed. Odovzdan\u00fd bol dotazn\u00edk pre obce. Pani Vittekov\u00e1 dotazn\u00edk spolu s prezent\u00e1ciou rozposlala obciam na vyplnenie. V\u0161etky obce MFO dotazn\u00edk vyplnili.<\/p>\n\n\n\n<div class=\"wp-block-image\"><figure class=\"aligncenter size-large is-resized\"><img loading=\"lazy\" decoding=\"async\" src=\"https:\/\/mobilita.trnava.sk\/wp-content\/uploads\/2019\/12\/workshop-1024x493.png\" alt=\"\" class=\"wp-image-240\" width=\"580\" height=\"279\" srcset=\"https:\/\/mobilita.trnava.sk\/wp-content\/uploads\/2019\/12\/workshop-1024x493.png 1024w, https:\/\/mobilita.trnava.sk\/wp-content\/uploads\/2019\/12\/workshop-300x144.png 300w, https:\/\/mobilita.trnava.sk\/wp-content\/uploads\/2019\/12\/workshop-768x370.png 768w, https:\/\/mobilita.trnava.sk\/wp-content\/uploads\/2019\/12\/workshop-1536x740.png 1536w, https:\/\/mobilita.trnava.sk\/wp-content\/uploads\/2019\/12\/workshop-2048x986.png 2048w, https:\/\/mobilita.trnava.sk\/wp-content\/uploads\/2019\/12\/workshop-150x72.png 150w\" sizes=\"(max-width: 580px) 100vw, 580px\" \/><\/figure><\/div>\n","protected":false},"excerpt":{"rendered":"<p>Dne 25.9.2019 sa konal prv\u00fd workshop k PUM MFO Trnava. Z\u00e1stupcom TT a okolie bola predstaven\u00e1 prezent\u00e1cia &#8211; \u010do je PUM, ak\u00e9 m\u00e1 f\u00e1zy a pre\u010do sa rob\u00ed. Odovzdan\u00fd bol dotazn\u00edk pre obce. Pani Vittekov\u00e1 dotazn\u00edk spolu s prezent\u00e1ciou rozposlala obciam na vyplnenie. V\u0161etky obce MFO dotazn\u00edk vyplnili.<\/p>\n<p class=\"continue-reading-button\"> <a class=\"continue-reading-link\" href=\"https:\/\/mobilita.trnava.sk\/index.php\/2019\/12\/17\/1-workshop\/\">\u010c\u00edta\u0165 \u010falej<i class=\"crycon-right-dir\"><\/i><\/a><\/p>\n","protected":false},"author":1,"featured_media":240,"comment_status":"closed","ping_status":"closed","sticky":false,"template":"","format":"standard","meta":{"footnotes":""},"categories":[4],"tags":[],"_links":{"self":[{"href":"https:\/\/mobilita.trnava.sk\/index.php\/wp-json\/wp\/v2\/posts\/239"}],"collection":[{"href":"https:\/\/mobilita.trnava.sk\/index.php\/wp-json\/wp\/v2\/posts"}],"about":[{"href":"https:\/\/mobilita.trnava.sk\/index.php\/wp-json\/wp\/v2\/types\/post"}],"author":[{"embeddable":true,"href":"https:\/\/mobilita.trnava.sk\/index.php\/wp-json\/wp\/v2\/users\/1"}],"replies":[{"embeddable":true,"href":"https:\/\/mobilita.trnava.sk\/index.php\/wp-json\/wp\/v2\/comments?post=239"}],"version-history":[{"count":2,"href":"https:\/\/mobilita.trnava.sk\/index.php\/wp-json\/wp\/v2\/posts\/239\/revisions"}],"predecessor-version":[{"id":242,"href":"https:\/\/mobilita.trnava.sk\/index.php\/wp-json\/wp\/v2\/posts\/239\/revisions\/242"}],"wp:featuredmedia":[{"embeddable":true,"href":"https:\/\/mobilita.trnava.sk\/index.php\/wp-json\/wp\/v2\/media\/240"}],"wp:attachment":[{"href":"https:\/\/mobilita.trnava.sk\/index.php\/wp-json\/wp\/v2\/media?parent=239"}],"wp:term":[{"taxonomy":"category","embeddable":true,"href":"https:\/\/mobilita.trnava.sk\/index.php\/wp-json\/wp\/v2\/categories?post=239"},{"taxonomy":"post_tag","embeddable":true,"href":"https:\/\/mobilita.trnava.sk\/index.php\/wp-json\/wp\/v2\/tags?post=239"}],"curies":[{"name":"wp","href":"https:\/\/api.w.org\/{rel}","templated":true}]}}