{"id":264,"date":"2020-03-24T12:26:47","date_gmt":"2020-03-24T11:26:47","guid":{"rendered":"https:\/\/mobilita.trnava.sk\/?p=264"},"modified":"2020-04-02T11:36:57","modified_gmt":"2020-04-02T09:36:57","slug":"zber-dat","status":"publish","type":"post","link":"https:\/\/mobilita.trnava.sk\/index.php\/2020\/03\/24\/zber-dat\/","title":{"rendered":"Zber d\u00e1t"},"content":{"rendered":"\n<p>Do dokumentov doplnen\u00fd zber d\u00e1t.<\/p>\n\n\n\n<figure class=\"wp-block-table aligncenter\"><table class=\"\"><tbody><tr><td class=\"has-text-align-center\" data-align=\"center\"><\/td><td class=\"has-text-align-left\" data-align=\"left\">Zber d\u00e1t<\/td><td class=\"has-text-align-center\" data-align=\"center\"><\/td><\/tr><tr><td class=\"has-text-align-center\" data-align=\"center\">d\u00e1tum<\/td><td class=\"has-text-align-left\" data-align=\"left\"> dokument <\/td><td class=\"has-text-align-center\" data-align=\"center\">odkaz<\/td><\/tr><tr><td class=\"has-text-align-center\" data-align=\"center\">23. 3. 2020<\/td><td class=\"has-text-align-left\" data-align=\"left\">Zber d\u00e1t <\/td><td class=\"has-text-align-center\" data-align=\"center\"><a href=\"https:\/\/mobilita.trnava.sk\/wp-content\/uploads\/2020\/04\/PUM_MFO_TT_Zber.pdf\" target=\"_blank\" rel=\"noreferrer noopener\" aria-label=\"\ufffc (otvor\u00ed sa v novej karte)\"><img loading=\"lazy\" decoding=\"async\" width=\"1181\" height=\"886\" class=\"wp-image-223\" style=\"width: 60px;\" src=\"https:\/\/mobilita.trnava.sk\/wp-content\/uploads\/2019\/12\/71657-format-computer-file-pdf-document-icon.png\" alt=\"\" srcset=\"https:\/\/mobilita.trnava.sk\/wp-content\/uploads\/2019\/12\/71657-format-computer-file-pdf-document-icon.png 1181w, https:\/\/mobilita.trnava.sk\/wp-content\/uploads\/2019\/12\/71657-format-computer-file-pdf-document-icon-300x225.png 300w, https:\/\/mobilita.trnava.sk\/wp-content\/uploads\/2019\/12\/71657-format-computer-file-pdf-document-icon-1024x768.png 1024w, https:\/\/mobilita.trnava.sk\/wp-content\/uploads\/2019\/12\/71657-format-computer-file-pdf-document-icon-768x576.png 768w, https:\/\/mobilita.trnava.sk\/wp-content\/uploads\/2019\/12\/71657-format-computer-file-pdf-document-icon-150x113.png 150w\" sizes=\"(max-width: 1181px) 100vw, 1181px\" \/><\/a><\/td><\/tr><tr><td class=\"has-text-align-center\" data-align=\"center\">23. 3. 2020<\/td><td class=\"has-text-align-left\" data-align=\"left\"> Pr\u00edloha 01 &#8211; Cyklistick\u00e1 doprava <\/td><td class=\"has-text-align-center\" data-align=\"center\"><a href=\"https:\/\/mobilita.trnava.sk\/wp-content\/uploads\/2020\/04\/ZBER-Pr\u00edloha-01-Cyklistick\u00e1-doprava.pdf\" target=\"_blank\" rel=\"noreferrer noopener\" aria-label=\"\ufffc (otvor\u00ed sa v novej karte)\"><img loading=\"lazy\" decoding=\"async\" width=\"1181\" height=\"886\" class=\"wp-image-223\" style=\"width: 60px;\" src=\"https:\/\/mobilita.trnava.sk\/wp-content\/uploads\/2019\/12\/71657-format-computer-file-pdf-document-icon.png\" alt=\"\" srcset=\"https:\/\/mobilita.trnava.sk\/wp-content\/uploads\/2019\/12\/71657-format-computer-file-pdf-document-icon.png 1181w, https:\/\/mobilita.trnava.sk\/wp-content\/uploads\/2019\/12\/71657-format-computer-file-pdf-document-icon-300x225.png 300w, https:\/\/mobilita.trnava.sk\/wp-content\/uploads\/2019\/12\/71657-format-computer-file-pdf-document-icon-1024x768.png 1024w, https:\/\/mobilita.trnava.sk\/wp-content\/uploads\/2019\/12\/71657-format-computer-file-pdf-document-icon-768x576.png 768w, https:\/\/mobilita.trnava.sk\/wp-content\/uploads\/2019\/12\/71657-format-computer-file-pdf-document-icon-150x113.png 150w\" sizes=\"(max-width: 1181px) 100vw, 1181px\" \/><\/a><\/td><\/tr><tr><td class=\"has-text-align-center\" data-align=\"center\"> 23. 3. 2020 <\/td><td class=\"has-text-align-left\" data-align=\"left\">Pr\u00edloha 02 &#8211; Pe\u0161ie z\u00f3ny<\/td><td class=\"has-text-align-center\" data-align=\"center\"> <a rel=\"noreferrer noopener\" href=\"https:\/\/mobilita.trnava.sk\/wp-content\/uploads\/2020\/01\/PUM_MFO_Trnava_2_stvrtrocna_sprava.pdf\" target=\"_blank\"><\/a> <a href=\"https:\/\/mobilita.trnava.sk\/wp-content\/uploads\/2020\/04\/ZBER-Pr\u00edloha-02-Pe\u0161ie-z\u00f3ny.pdf\" target=\"_blank\" rel=\"noreferrer noopener\" aria-label=\"\ufffc (otvor\u00ed sa v novej karte)\"><img loading=\"lazy\" decoding=\"async\" width=\"1181\" height=\"886\" class=\"wp-image-223\" style=\"width: 60px;\" src=\"https:\/\/mobilita.trnava.sk\/wp-content\/uploads\/2019\/12\/71657-format-computer-file-pdf-document-icon.png\" alt=\"\" srcset=\"https:\/\/mobilita.trnava.sk\/wp-content\/uploads\/2019\/12\/71657-format-computer-file-pdf-document-icon.png 1181w, https:\/\/mobilita.trnava.sk\/wp-content\/uploads\/2019\/12\/71657-format-computer-file-pdf-document-icon-300x225.png 300w, https:\/\/mobilita.trnava.sk\/wp-content\/uploads\/2019\/12\/71657-format-computer-file-pdf-document-icon-1024x768.png 1024w, https:\/\/mobilita.trnava.sk\/wp-content\/uploads\/2019\/12\/71657-format-computer-file-pdf-document-icon-768x576.png 768w, https:\/\/mobilita.trnava.sk\/wp-content\/uploads\/2019\/12\/71657-format-computer-file-pdf-document-icon-150x113.png 150w\" sizes=\"(max-width: 1181px) 100vw, 1181px\" \/><\/a><\/td><\/tr><tr><td class=\"has-text-align-center\" data-align=\"center\"> 23. 3. 2020 <\/td><td class=\"has-text-align-left\" data-align=\"left\">Pr\u00edloha 03 &#8211; Verejn\u00e1 osobn\u00e1 doprava<\/td><td class=\"has-text-align-center\" data-align=\"center\"><a href=\"https:\/\/mobilita.trnava.sk\/wp-content\/uploads\/2020\/04\/ZBER-Pr\u00edloha-03-Verejn\u00e1-osobn\u00e1-doprava.pdf\" target=\"_blank\" rel=\"noreferrer noopener\" aria-label=\"\ufffc (otvor\u00ed sa v novej karte)\"><img loading=\"lazy\" decoding=\"async\" width=\"1181\" height=\"886\" class=\"wp-image-223\" style=\"width: 60px;\" src=\"https:\/\/mobilita.trnava.sk\/wp-content\/uploads\/2019\/12\/71657-format-computer-file-pdf-document-icon.png\" alt=\"\" srcset=\"https:\/\/mobilita.trnava.sk\/wp-content\/uploads\/2019\/12\/71657-format-computer-file-pdf-document-icon.png 1181w, https:\/\/mobilita.trnava.sk\/wp-content\/uploads\/2019\/12\/71657-format-computer-file-pdf-document-icon-300x225.png 300w, https:\/\/mobilita.trnava.sk\/wp-content\/uploads\/2019\/12\/71657-format-computer-file-pdf-document-icon-1024x768.png 1024w, https:\/\/mobilita.trnava.sk\/wp-content\/uploads\/2019\/12\/71657-format-computer-file-pdf-document-icon-768x576.png 768w, https:\/\/mobilita.trnava.sk\/wp-content\/uploads\/2019\/12\/71657-format-computer-file-pdf-document-icon-150x113.png 150w\" sizes=\"(max-width: 1181px) 100vw, 1181px\" \/><\/a><\/td><\/tr><\/tbody><\/table><\/figure>\n\n\n\n<p><\/p>\n","protected":false},"excerpt":{"rendered":"<p>Do dokumentov doplnen\u00fd zber d\u00e1t. Zber d\u00e1t d\u00e1tum dokument odkaz 23. 3. 2020 Zber d\u00e1t 23. 3. 2020 Pr\u00edloha 01 &#8211; Cyklistick\u00e1 doprava 23. 3. 2020 Pr\u00edloha 02 &#8211; Pe\u0161ie z\u00f3ny 23. 3. 2020 Pr\u00edloha 03 &#8211; Verejn\u00e1 osobn\u00e1 doprava<\/p>\n<p class=\"continue-reading-button\"> <a class=\"continue-reading-link\" href=\"https:\/\/mobilita.trnava.sk\/index.php\/2020\/03\/24\/zber-dat\/\">\u010c\u00edta\u0165 \u010falej<i class=\"crycon-right-dir\"><\/i><\/a><\/p>\n","protected":false},"author":1,"featured_media":265,"comment_status":"open","ping_status":"open","sticky":false,"template":"","format":"standard","meta":{"footnotes":""},"categories":[4],"tags":[],"_links":{"self":[{"href":"https:\/\/mobilita.trnava.sk\/index.php\/wp-json\/wp\/v2\/posts\/264"}],"collection":[{"href":"https:\/\/mobilita.trnava.sk\/index.php\/wp-json\/wp\/v2\/posts"}],"about":[{"href":"https:\/\/mobilita.trnava.sk\/index.php\/wp-json\/wp\/v2\/types\/post"}],"author":[{"embeddable":true,"href":"https:\/\/mobilita.trnava.sk\/index.php\/wp-json\/wp\/v2\/users\/1"}],"replies":[{"embeddable":true,"href":"https:\/\/mobilita.trnava.sk\/index.php\/wp-json\/wp\/v2\/comments?post=264"}],"version-history":[{"count":2,"href":"https:\/\/mobilita.trnava.sk\/index.php\/wp-json\/wp\/v2\/posts\/264\/revisions"}],"predecessor-version":[{"id":273,"href":"https:\/\/mobilita.trnava.sk\/index.php\/wp-json\/wp\/v2\/posts\/264\/revisions\/273"}],"wp:featuredmedia":[{"embeddable":true,"href":"https:\/\/mobilita.trnava.sk\/index.php\/wp-json\/wp\/v2\/media\/265"}],"wp:attachment":[{"href":"https:\/\/mobilita.trnava.sk\/index.php\/wp-json\/wp\/v2\/media?parent=264"}],"wp:term":[{"taxonomy":"category","embeddable":true,"href":"https:\/\/mobilita.trnava.sk\/index.php\/wp-json\/wp\/v2\/categories?post=264"},{"taxonomy":"post_tag","embeddable":true,"href":"https:\/\/mobilita.trnava.sk\/index.php\/wp-json\/wp\/v2\/tags?post=264"}],"curies":[{"name":"wp","href":"https:\/\/api.w.org\/{rel}","templated":true}]}}