{"id":347,"date":"2020-10-19T16:09:51","date_gmt":"2020-10-19T14:09:51","guid":{"rendered":"https:\/\/mobilita.trnava.sk\/?p=347"},"modified":"2020-10-19T16:09:51","modified_gmt":"2020-10-19T14:09:51","slug":"5-workshop-plan-dopravnej-obsluznosti-pdo-navrhova-cast-2","status":"publish","type":"post","link":"https:\/\/mobilita.trnava.sk\/index.php\/2020\/10\/19\/5-workshop-plan-dopravnej-obsluznosti-pdo-navrhova-cast-2\/","title":{"rendered":"5. workshop &#8211; Pl\u00e1n dopravnej obslu\u017enosti (PDO) \u2013 n\u00e1vrhov\u00e1 \u010das\u0165"},"content":{"rendered":"\n<ul><li>Od 30. septembra do 8. okt\u00f3bra prebiehal 5. workshop s&nbsp;ve\u013ekou pracovnou skupinou na t\u00e9mu <strong>Pl\u00e1n dopravnej obslu\u017enosti (PDO) \u2013 n\u00e1vrhov\u00e1 \u010das\u0165<\/strong>.<\/li><li>Workshop sa kv\u00f4li pand\u00e9mii koronav\u00edrusu konal online. \u010clenovia ve\u013ekej pracovnej skupiny mali vyjadri\u0165 svoj odborn\u00fd n\u00e1zor na prezent\u00e1ciu, ktor\u00e1 im vola vopred zaslan\u00e1 v&nbsp;nahovorenej verzii.<\/li><li>O&nbsp;t\u00e9me sa diskutovalo aj na online stretnut\u00ed v&nbsp;stredu 7. okt\u00f3bra 2020 o&nbsp;10.00 hod.<\/li><li>Pripomienky bolo mo\u017en\u00e9 posiela\u0165 do 8. okt\u00f3bra 2020 na adresu <a href=\"mailto:eva.gopfertova@afry.com\">eva.gopfertova@afry.com<\/a>, n\u00e1vrhy boli n\u00e1sledne zapracovan\u00e9.<\/li><\/ul>\n\n\n\n<div class=\"wp-block-image\"><figure class=\"aligncenter size-large\"><img loading=\"lazy\" decoding=\"async\" width=\"765\" height=\"428\" src=\"https:\/\/mobilita.trnava.sk\/wp-content\/uploads\/2020\/10\/pumm-bus.png\" alt=\"\" class=\"wp-image-343\" srcset=\"https:\/\/mobilita.trnava.sk\/wp-content\/uploads\/2020\/10\/pumm-bus.png 765w, https:\/\/mobilita.trnava.sk\/wp-content\/uploads\/2020\/10\/pumm-bus-300x168.png 300w, https:\/\/mobilita.trnava.sk\/wp-content\/uploads\/2020\/10\/pumm-bus-150x84.png 150w\" sizes=\"(max-width: 765px) 100vw, 765px\" \/><\/figure><\/div>\n","protected":false},"excerpt":{"rendered":"<p>Od 30. septembra do 8. okt\u00f3bra prebiehal 5. workshop s&nbsp;ve\u013ekou pracovnou skupinou na t\u00e9mu Pl\u00e1n dopravnej obslu\u017enosti (PDO) \u2013 n\u00e1vrhov\u00e1 \u010das\u0165. Workshop sa kv\u00f4li pand\u00e9mii koronav\u00edrusu konal online. \u010clenovia ve\u013ekej pracovnej skupiny mali vyjadri\u0165 svoj odborn\u00fd n\u00e1zor na prezent\u00e1ciu, ktor\u00e1 im vola vopred zaslan\u00e1 v&nbsp;nahovorenej verzii. O&nbsp;t\u00e9me sa diskutovalo aj&#8230;<\/p>\n<p class=\"continue-reading-button\"> <a class=\"continue-reading-link\" href=\"https:\/\/mobilita.trnava.sk\/index.php\/2020\/10\/19\/5-workshop-plan-dopravnej-obsluznosti-pdo-navrhova-cast-2\/\">\u010c\u00edta\u0165 \u010falej<i class=\"crycon-right-dir\"><\/i><\/a><\/p>\n","protected":false},"author":1,"featured_media":343,"comment_status":"open","ping_status":"open","sticky":false,"template":"","format":"standard","meta":{"footnotes":""},"categories":[1],"tags":[],"_links":{"self":[{"href":"https:\/\/mobilita.trnava.sk\/index.php\/wp-json\/wp\/v2\/posts\/347"}],"collection":[{"href":"https:\/\/mobilita.trnava.sk\/index.php\/wp-json\/wp\/v2\/posts"}],"about":[{"href":"https:\/\/mobilita.trnava.sk\/index.php\/wp-json\/wp\/v2\/types\/post"}],"author":[{"embeddable":true,"href":"https:\/\/mobilita.trnava.sk\/index.php\/wp-json\/wp\/v2\/users\/1"}],"replies":[{"embeddable":true,"href":"https:\/\/mobilita.trnava.sk\/index.php\/wp-json\/wp\/v2\/comments?post=347"}],"version-history":[{"count":1,"href":"https:\/\/mobilita.trnava.sk\/index.php\/wp-json\/wp\/v2\/posts\/347\/revisions"}],"predecessor-version":[{"id":348,"href":"https:\/\/mobilita.trnava.sk\/index.php\/wp-json\/wp\/v2\/posts\/347\/revisions\/348"}],"wp:featuredmedia":[{"embeddable":true,"href":"https:\/\/mobilita.trnava.sk\/index.php\/wp-json\/wp\/v2\/media\/343"}],"wp:attachment":[{"href":"https:\/\/mobilita.trnava.sk\/index.php\/wp-json\/wp\/v2\/media?parent=347"}],"wp:term":[{"taxonomy":"category","embeddable":true,"href":"https:\/\/mobilita.trnava.sk\/index.php\/wp-json\/wp\/v2\/categories?post=347"},{"taxonomy":"post_tag","embeddable":true,"href":"https:\/\/mobilita.trnava.sk\/index.php\/wp-json\/wp\/v2\/tags?post=347"}],"curies":[{"name":"wp","href":"https:\/\/api.w.org\/{rel}","templated":true}]}}