{"id":420,"date":"2021-05-24T15:44:42","date_gmt":"2021-05-24T13:44:42","guid":{"rendered":"https:\/\/mobilita.trnava.sk\/?p=420"},"modified":"2021-05-24T15:58:52","modified_gmt":"2021-05-24T13:58:52","slug":"verejne-prerokovanie-navrhovej-casti-planu-udrzatelnej-mobility-krajskeho-mesta-trnava","status":"publish","type":"post","link":"https:\/\/mobilita.trnava.sk\/index.php\/2021\/05\/24\/verejne-prerokovanie-navrhovej-casti-planu-udrzatelnej-mobility-krajskeho-mesta-trnava\/","title":{"rendered":"Verejn\u00e9 prerokovanie N\u00e1vrhovej \u010dasti Pl\u00e1nu udr\u017eate\u013enej mobility krajsk\u00e9ho mesta Trnava"},"content":{"rendered":"\n<p><strong>Poz\u00fdvame V\u00e1s na <u>verejn\u00e9 prerokovanie<\/u> N\u00e1vrhovej \u010dasti Pl\u00e1nu udr\u017eate\u013enej mobility krajsk\u00e9ho mesta Trnava a&nbsp;jeho funk\u010dn\u00e9ho \u00fazemia, ktor\u00e9 sa uskuto\u010dn\u00ed v&nbsp;utorok <u>15. j\u00fana 2021<\/u> o&nbsp;<u>13:00<\/u> hodine<\/strong><\/p>\n\n\n\n<ul><li><strong>online formou v aplik\u00e1cii Teams.<\/strong><\/li><li><strong>Link pre pripojenie sa na prerokovanie pomocou tejto aplik\u00e1cie: <\/strong><\/li><\/ul>\n\n\n\n<div class=\"wp-block-image\"><figure class=\"aligncenter size-large is-resized\"><a href=\"https:\/\/teams.microsoft.com\/l\/meetup-join\/19%3ameeting_NzUyZmQ2NmQtYjA4NS00YWYwLTk1YmQtMWQ2NTJjNDMzYTQ0%40thread.v2\/0?context=%7b%22Tid%22%3a%2258af3eba-510e-4544-8cfd-85f5e0206382%22%2c%22Oid%22%3a%225b101dca-e2c9-4954-9d12-8e8e9507f80b%22%7d\" target=\"_blank\" rel=\"noopener noreferrer\"><img loading=\"lazy\" decoding=\"async\" src=\"https:\/\/mobilita.trnava.sk\/wp-content\/uploads\/2021\/05\/5e8cdf0a664eae000408545b.png\" alt=\"\" class=\"wp-image-426\" width=\"161\" height=\"161\" srcset=\"https:\/\/mobilita.trnava.sk\/wp-content\/uploads\/2021\/05\/5e8cdf0a664eae000408545b.png 1000w, https:\/\/mobilita.trnava.sk\/wp-content\/uploads\/2021\/05\/5e8cdf0a664eae000408545b-300x300.png 300w, https:\/\/mobilita.trnava.sk\/wp-content\/uploads\/2021\/05\/5e8cdf0a664eae000408545b-150x150.png 150w, https:\/\/mobilita.trnava.sk\/wp-content\/uploads\/2021\/05\/5e8cdf0a664eae000408545b-768x768.png 768w\" sizes=\"(max-width: 161px) 100vw, 161px\" \/><\/a><\/figure><\/div>\n\n\n\n<p><strong>Zapojte sa do prerokov\u00e1vania pl\u00e1nu mobility a&nbsp;prispejte k&nbsp;jeho vypracovaniu.<\/strong><\/p>\n\n\n\n<p><\/p>\n\n\n\n<div class=\"wp-block-columns is-layout-flex wp-container-core-columns-layout-1 wp-block-columns-is-layout-flex\">\n<div class=\"wp-block-column is-layout-flow wp-block-column-is-layout-flow\" style=\"flex-basis:66.66%\">\n<p class=\"has-text-align-right\"><strong>N\u00e1vrhov\u00e1 \u010das\u0165 je na stiahnutie tu:<\/strong><\/p>\n<\/div>\n\n\n\n<div class=\"wp-block-column is-layout-flow wp-block-column-is-layout-flow\" style=\"flex-basis:33.33%\">\n<div class=\"wp-block-image\"><figure class=\"alignleft size-large is-resized\"><a href=\"https:\/\/sfta01.poyry.com\/link\/7abL0ziC3Ny0yCML1oNybr\" target=\"_blank\" rel=\"noopener noreferrer\"><img decoding=\"async\" src=\"https:\/\/mobilita.trnava.sk\/wp-content\/uploads\/2019\/12\/71657-format-computer-file-pdf-document-icon-1024x768.png\" alt=\"\" class=\"wp-image-223\" width=\"60\" srcset=\"https:\/\/mobilita.trnava.sk\/wp-content\/uploads\/2019\/12\/71657-format-computer-file-pdf-document-icon-1024x768.png 1024w, https:\/\/mobilita.trnava.sk\/wp-content\/uploads\/2019\/12\/71657-format-computer-file-pdf-document-icon-300x225.png 300w, https:\/\/mobilita.trnava.sk\/wp-content\/uploads\/2019\/12\/71657-format-computer-file-pdf-document-icon-768x576.png 768w, https:\/\/mobilita.trnava.sk\/wp-content\/uploads\/2019\/12\/71657-format-computer-file-pdf-document-icon-150x113.png 150w, https:\/\/mobilita.trnava.sk\/wp-content\/uploads\/2019\/12\/71657-format-computer-file-pdf-document-icon.png 1181w\" sizes=\"(max-width: 1024px) 100vw, 1024px\" \/><\/a><\/figure><\/div>\n<\/div>\n<\/div>\n\n\n\n<div class=\"wp-block-columns is-layout-flex wp-container-core-columns-layout-2 wp-block-columns-is-layout-flex\">\n<div class=\"wp-block-column is-layout-flow wp-block-column-is-layout-flow\" style=\"flex-basis:66.66%\">\n<p class=\"has-text-align-right\"><strong>Pozv\u00e1nka na prerokovanie je tu:<\/strong><\/p>\n<\/div>\n\n\n\n<div class=\"wp-block-column is-layout-flow wp-block-column-is-layout-flow\" style=\"flex-basis:33.33%\">\n<div class=\"wp-block-image\"><figure class=\"alignleft size-large is-resized\"><a href=\"https:\/\/mobilita.trnava.sk\/wp-content\/uploads\/2021\/05\/Pozv\u00e1nka-15_6_2021.pdf\" target=\"_blank\" rel=\"noopener noreferrer\"><img decoding=\"async\" src=\"https:\/\/mobilita.trnava.sk\/wp-content\/uploads\/2019\/12\/71657-format-computer-file-pdf-document-icon-1024x768.png\" alt=\"\" class=\"wp-image-223\" width=\"60\" srcset=\"https:\/\/mobilita.trnava.sk\/wp-content\/uploads\/2019\/12\/71657-format-computer-file-pdf-document-icon-1024x768.png 1024w, https:\/\/mobilita.trnava.sk\/wp-content\/uploads\/2019\/12\/71657-format-computer-file-pdf-document-icon-300x225.png 300w, https:\/\/mobilita.trnava.sk\/wp-content\/uploads\/2019\/12\/71657-format-computer-file-pdf-document-icon-768x576.png 768w, https:\/\/mobilita.trnava.sk\/wp-content\/uploads\/2019\/12\/71657-format-computer-file-pdf-document-icon-150x113.png 150w, https:\/\/mobilita.trnava.sk\/wp-content\/uploads\/2019\/12\/71657-format-computer-file-pdf-document-icon.png 1181w\" sizes=\"(max-width: 1024px) 100vw, 1024px\" \/><\/a><\/figure><\/div>\n<\/div>\n<\/div>\n","protected":false},"excerpt":{"rendered":"<p>Poz\u00fdvame V\u00e1s na verejn\u00e9 prerokovanie N\u00e1vrhovej \u010dasti Pl\u00e1nu udr\u017eate\u013enej mobility krajsk\u00e9ho mesta Trnava a&nbsp;jeho funk\u010dn\u00e9ho \u00fazemia, ktor\u00e9 sa uskuto\u010dn\u00ed v&nbsp;utorok 15. j\u00fana 2021 o&nbsp;13:00 hodine online formou v aplik\u00e1cii Teams. Link pre pripojenie sa na prerokovanie pomocou tejto aplik\u00e1cie: Zapojte sa do prerokov\u00e1vania pl\u00e1nu mobility a&nbsp;prispejte k&nbsp;jeho vypracovaniu. N\u00e1vrhov\u00e1 \u010das\u0165&#8230;<\/p>\n<p class=\"continue-reading-button\"> <a class=\"continue-reading-link\" href=\"https:\/\/mobilita.trnava.sk\/index.php\/2021\/05\/24\/verejne-prerokovanie-navrhovej-casti-planu-udrzatelnej-mobility-krajskeho-mesta-trnava\/\">\u010c\u00edta\u0165 \u010falej<i class=\"crycon-right-dir\"><\/i><\/a><\/p>\n","protected":false},"author":1,"featured_media":427,"comment_status":"open","ping_status":"open","sticky":false,"template":"","format":"standard","meta":{"footnotes":""},"categories":[1],"tags":[],"_links":{"self":[{"href":"https:\/\/mobilita.trnava.sk\/index.php\/wp-json\/wp\/v2\/posts\/420"}],"collection":[{"href":"https:\/\/mobilita.trnava.sk\/index.php\/wp-json\/wp\/v2\/posts"}],"about":[{"href":"https:\/\/mobilita.trnava.sk\/index.php\/wp-json\/wp\/v2\/types\/post"}],"author":[{"embeddable":true,"href":"https:\/\/mobilita.trnava.sk\/index.php\/wp-json\/wp\/v2\/users\/1"}],"replies":[{"embeddable":true,"href":"https:\/\/mobilita.trnava.sk\/index.php\/wp-json\/wp\/v2\/comments?post=420"}],"version-history":[{"count":5,"href":"https:\/\/mobilita.trnava.sk\/index.php\/wp-json\/wp\/v2\/posts\/420\/revisions"}],"predecessor-version":[{"id":429,"href":"https:\/\/mobilita.trnava.sk\/index.php\/wp-json\/wp\/v2\/posts\/420\/revisions\/429"}],"wp:featuredmedia":[{"embeddable":true,"href":"https:\/\/mobilita.trnava.sk\/index.php\/wp-json\/wp\/v2\/media\/427"}],"wp:attachment":[{"href":"https:\/\/mobilita.trnava.sk\/index.php\/wp-json\/wp\/v2\/media?parent=420"}],"wp:term":[{"taxonomy":"category","embeddable":true,"href":"https:\/\/mobilita.trnava.sk\/index.php\/wp-json\/wp\/v2\/categories?post=420"},{"taxonomy":"post_tag","embeddable":true,"href":"https:\/\/mobilita.trnava.sk\/index.php\/wp-json\/wp\/v2\/tags?post=420"}],"curies":[{"name":"wp","href":"https:\/\/api.w.org\/{rel}","templated":true}]}}